{"id":14755,"date":"2023-10-04T08:35:46","date_gmt":"2023-10-04T06:35:46","guid":{"rendered":"https:\/\/digitalhealthconnect.ch\/patrice-hof\/"},"modified":"2024-05-24T11:03:31","modified_gmt":"2024-05-24T09:03:31","slug":"patrice-hof","status":"publish","type":"post","link":"https:\/\/digitalhealthconnect.ch\/en\/patrice-hof\/","title":{"rendered":"Patrice Hof"},"content":{"rendered":"\t\t<div data-elementor-type=\"wp-post\" data-elementor-id=\"14755\" class=\"elementor elementor-14755 elementor-10733\" data-elementor-post-type=\"post\">\n\t\t\t\t\t\t<section class=\"elementor-section elementor-top-section elementor-element elementor-element-3e10ab9d elementor-section-full_width elementor-section-content-middle elementor-section-height-default elementor-section-height-default\" data-id=\"3e10ab9d\" data-element_type=\"section\" data-e-type=\"section\">\n\t\t\t\t\t\t<div class=\"elementor-container elementor-column-gap-default\">\n\t\t\t\t\t<div class=\"elementor-column elementor-col-33 elementor-top-column elementor-element elementor-element-57d4c213\" data-id=\"57d4c213\" data-element_type=\"column\" data-e-type=\"column\">\n\t\t\t<div class=\"elementor-widget-wrap elementor-element-populated\">\n\t\t\t\t\t\t<div class=\"elementor-element elementor-element-f1b6bf6 elementor-widget elementor-widget-image\" data-id=\"f1b6bf6\" data-element_type=\"widget\" data-e-type=\"widget\" data-widget_type=\"image.default\">\n\t\t\t\t<div class=\"elementor-widget-container\">\n\t\t\t\t\t\t\t\t\t\t\t\t\t\t\t<img decoding=\"async\" src=\"https:\/\/digitalhealthconnect.ch\/wp-content\/uploads\/elementor\/thumbs\/6-Cara-Patrice-Hof-1-qe2yj5wc9thnanbq50mf5jghpaxusut77s1hzz5z40.png\" title=\"6-Cara-Patrice-Hof (1)\" alt=\"6-Cara-Patrice-Hof (1)\" loading=\"lazy\" \/>\t\t\t\t\t\t\t\t\t\t\t\t\t\t\t<\/div>\n\t\t\t\t<\/div>\n\t\t\t\t<div class=\"elementor-element elementor-element-42de0655 elementor-shape-circle elementor-grid-0 e-grid-align-center elementor-widget elementor-widget-social-icons\" data-id=\"42de0655\" data-element_type=\"widget\" data-e-type=\"widget\" data-widget_type=\"social-icons.default\">\n\t\t\t\t<div class=\"elementor-widget-container\">\n\t\t\t\t\t\t\t<div class=\"elementor-social-icons-wrapper elementor-grid\">\n\t\t\t\t\t\t\t<span class=\"elementor-grid-item\">\n\t\t\t\t\t<a class=\"elementor-icon elementor-social-icon elementor-social-icon-linkedin elementor-repeater-item-021b863\" href=\"https:\/\/fr.linkedin.com\/in\/hofpatrice\" target=\"_blank\">\n\t\t\t\t\t\t<span class=\"elementor-screen-only\">Linkedin<\/span>\n\t\t\t\t\t\t<i aria-hidden=\"true\" class=\"fab fa-linkedin\"><\/i>\t\t\t\t\t<\/a>\n\t\t\t\t<\/span>\n\t\t\t\t\t<\/div>\n\t\t\t\t\t\t<\/div>\n\t\t\t\t<\/div>\n\t\t\t\t\t<\/div>\n\t\t<\/div>\n\t\t\t\t<div class=\"elementor-column elementor-col-66 elementor-top-column elementor-element elementor-element-505a802b\" data-id=\"505a802b\" data-element_type=\"column\" data-e-type=\"column\">\n\t\t\t<div class=\"elementor-widget-wrap elementor-element-populated\">\n\t\t\t\t\t\t<div class=\"elementor-element elementor-element-4a3007a elementor-widget elementor-widget-restly_team_title\" data-id=\"4a3007a\" data-element_type=\"widget\" data-e-type=\"widget\" data-widget_type=\"restly_team_title.default\">\n\t\t\t\t<div class=\"elementor-widget-container\">\n\t\t\t\t\t        <div class=\"restly-team-title-wrapper\">\r\n            <div class=\"restly-team-title-inner\">\r\n                <h2 class=\"team-title\">Patrice Hof<\/h2>\r\n                <h4 class=\"team-stitle\">Secr\u00e9taire G\u00e9n\u00e9ral<\/h4>            <\/div>\r\n        <\/div>\r\n        \t\t\t\t<\/div>\n\t\t\t\t<\/div>\n\t\t\t\t<div class=\"elementor-element elementor-element-67bd1719 elementor-widget elementor-widget-restly_about\" data-id=\"67bd1719\" data-element_type=\"widget\" data-e-type=\"widget\" id=\"test\" data-widget_type=\"restly_about.default\">\n\t\t\t\t<div class=\"elementor-widget-container\">\n\t\t\t\t\t        <div class=\"restly-about-wrapper\">\n            <div class=\"restly-about-content\">\n                                \n                <h6 class=\"restly-about-stitle\"><span><\/span><\/h6>\n                \n                <h2 class=\"restly-about-title\"><\/h2>\n                <div class=\"restly-about-dec\">\n                    <p>Patrice Hof est secr\u00e9taire g\u00e9n\u00e9ral de CARA, association charg\u00e9e par les cantons de Fribourg, Gen\u00e8ve, Jura, Valais et Vaud de d\u00e9velopper des outils de sant\u00e9 num\u00e9rique au service des objectifs de sant\u00e9 publique des cantons. Parmi ses premi\u00e8res missions, CARA travaille \u00e0 la mise en place du dossier \u00e9lectronique du patient. Politologue sp\u00e9cialis\u00e9 dans les relations entre science, technique et soci\u00e9t\u00e9, Patrice Hof a pr\u00e9c\u00e9demment occup\u00e9 durant vingt ans diff\u00e9rents postes dans le management de l\u2019enseignement sup\u00e9rieur, en orientant son activit\u00e9 sur le changement organisationnel, la planification strat\u00e9gique, l\u2019assurance et le d\u00e9veloppement de la qualit\u00e9, ainsi que sur la collaboration interinstitutionnelle iconvert youtube converter avi.<\/p>                <\/div>\n            <\/div>\n        <\/div>\n        \t\t\t\t<\/div>\n\t\t\t\t<\/div>\n\t\t\t\t\t<\/div>\n\t\t<\/div>\n\t\t\t\t\t<\/div>\n\t\t<\/section>\n\t\t<div class=\"elementor-element elementor-element-4e833b4 e-flex e-con-boxed e-con e-parent\" data-id=\"4e833b4\" data-element_type=\"container\" data-e-type=\"container\">\n\t\t\t\t\t<div class=\"e-con-inner\">\n\t\t\t\t<div class=\"elementor-element elementor-element-4ebe3df7 elementor-widget elementor-widget-html\" data-id=\"4ebe3df7\" data-element_type=\"widget\" data-e-type=\"widget\" data-widget_type=\"html.default\">\n\t\t\t\t<div class=\"elementor-widget-container\">\n\t\t\t\t\t<div style=\"display: flex; flex-direction: column; align-items: center; margin-bottom: 100px;\"><a href=\"https:\/\/www.cara.ch\/\"><img decoding=\"async\" src=\"https:\/\/digitalhealthconnect.ch\/wp-content\/uploads\/2023\/10\/cara-logo_0.jpg\" style=\"height: 100px;\"><\/a><a href=\"https:\/\/www.cara.ch\/\">www.cara.ch<\/a><\/div><style>a {\n        color: #1779AB;\n    }\n<\/style>\t\t\t\t<\/div>\n\t\t\t\t<\/div>\n\t\t\t\t\t<\/div>\n\t\t\t\t<\/div>\n\t\t\t\t<\/div>\n\t\t","protected":false},"excerpt":{"rendered":"<p>Linkedin Patrice Hof Secr\u00e9taire G\u00e9n\u00e9ral Patrice Hof est secr\u00e9taire g\u00e9n\u00e9ral de CARA, association charg\u00e9e par les cantons de Fribourg, Gen\u00e8ve, Jura, Valais et Vaud de d\u00e9velopper des outils de sant\u00e9 num\u00e9rique au service des objectifs de sant\u00e9 publique des cantons. Parmi ses premi\u00e8res missions, CARA travaille \u00e0 la mise en place du dossier \u00e9lectronique du [&hellip;]<\/p>\n","protected":false},"author":2,"featured_media":14448,"comment_status":"closed","ping_status":"closed","sticky":false,"template":"","format":"standard","meta":{"_monsterinsights_skip_tracking":false,"_monsterinsights_sitenote_active":false,"_monsterinsights_sitenote_note":"","_monsterinsights_sitenote_category":0,"footnotes":""},"categories":[332],"tags":[338],"class_list":["post-14755","post","type-post","status-publish","format-standard","has-post-thumbnail","hentry","category-speakers-2020","tag-association-cara-ch-secretaire-general-en"],"_links":{"self":[{"href":"https:\/\/digitalhealthconnect.ch\/en\/wp-json\/wp\/v2\/posts\/14755","targetHints":{"allow":["GET"]}}],"collection":[{"href":"https:\/\/digitalhealthconnect.ch\/en\/wp-json\/wp\/v2\/posts"}],"about":[{"href":"https:\/\/digitalhealthconnect.ch\/en\/wp-json\/wp\/v2\/types\/post"}],"author":[{"embeddable":true,"href":"https:\/\/digitalhealthconnect.ch\/en\/wp-json\/wp\/v2\/users\/2"}],"replies":[{"embeddable":true,"href":"https:\/\/digitalhealthconnect.ch\/en\/wp-json\/wp\/v2\/comments?post=14755"}],"version-history":[{"count":1,"href":"https:\/\/digitalhealthconnect.ch\/en\/wp-json\/wp\/v2\/posts\/14755\/revisions"}],"predecessor-version":[{"id":14756,"href":"https:\/\/digitalhealthconnect.ch\/en\/wp-json\/wp\/v2\/posts\/14755\/revisions\/14756"}],"wp:featuredmedia":[{"embeddable":true,"href":"https:\/\/digitalhealthconnect.ch\/en\/wp-json\/wp\/v2\/media\/14448"}],"wp:attachment":[{"href":"https:\/\/digitalhealthconnect.ch\/en\/wp-json\/wp\/v2\/media?parent=14755"}],"wp:term":[{"taxonomy":"category","embeddable":true,"href":"https:\/\/digitalhealthconnect.ch\/en\/wp-json\/wp\/v2\/categories?post=14755"},{"taxonomy":"post_tag","embeddable":true,"href":"https:\/\/digitalhealthconnect.ch\/en\/wp-json\/wp\/v2\/tags?post=14755"}],"curies":[{"name":"wp","href":"https:\/\/api.w.org\/{rel}","templated":true}]}}