{"id":14731,"date":"2023-10-16T09:39:56","date_gmt":"2023-10-16T07:39:56","guid":{"rendered":"https:\/\/digitalhealthconnect.ch\/zeynep-ersan-berdoz\/"},"modified":"2024-05-24T10:59:35","modified_gmt":"2024-05-24T08:59:35","slug":"zeynep-ersan-berdoz","status":"publish","type":"post","link":"https:\/\/digitalhealthconnect.ch\/en\/zeynep-ersan-berdoz\/","title":{"rendered":"Zeynep Ersan Berdoz"},"content":{"rendered":"\t\t<div data-elementor-type=\"wp-post\" data-elementor-id=\"14731\" class=\"elementor elementor-14731 elementor-12491\" data-elementor-post-type=\"post\">\n\t\t\t\t\t\t<section class=\"elementor-section elementor-top-section elementor-element elementor-element-26a2c87c elementor-section-full_width elementor-section-content-middle elementor-section-height-default elementor-section-height-default\" data-id=\"26a2c87c\" data-element_type=\"section\" data-e-type=\"section\">\n\t\t\t\t\t\t<div class=\"elementor-container elementor-column-gap-default\">\n\t\t\t\t\t<div class=\"elementor-column elementor-col-33 elementor-top-column elementor-element elementor-element-15485eb\" data-id=\"15485eb\" data-element_type=\"column\" data-e-type=\"column\">\n\t\t\t<div class=\"elementor-widget-wrap elementor-element-populated\">\n\t\t\t\t\t\t<div class=\"elementor-element elementor-element-594b2540 elementor-widget elementor-widget-image\" data-id=\"594b2540\" data-element_type=\"widget\" data-e-type=\"widget\" data-widget_type=\"image.default\">\n\t\t\t\t<div class=\"elementor-widget-container\">\n\t\t\t\t\t\t\t\t\t\t\t\t\t\t\t<img decoding=\"async\" src=\"https:\/\/digitalhealthconnect.ch\/wp-content\/uploads\/elementor\/thumbs\/Z.-Ersan-Berdoz-NB-1-qe2ygls5o1zjov1j2wszd6pbhjjvuini743wyuyk1s.png\" title=\"Z.-Ersan-Berdoz-NB (1)\" alt=\"Z.-Ersan-Berdoz-NB (1)\" loading=\"lazy\" \/>\t\t\t\t\t\t\t\t\t\t\t\t\t\t\t<\/div>\n\t\t\t\t<\/div>\n\t\t\t\t<div class=\"elementor-element elementor-element-24c617a3 elementor-shape-circle elementor-grid-0 e-grid-align-center elementor-widget elementor-widget-social-icons\" data-id=\"24c617a3\" data-element_type=\"widget\" data-e-type=\"widget\" data-widget_type=\"social-icons.default\">\n\t\t\t\t<div class=\"elementor-widget-container\">\n\t\t\t\t\t\t\t<div class=\"elementor-social-icons-wrapper elementor-grid\">\n\t\t\t\t\t\t\t<span class=\"elementor-grid-item\">\n\t\t\t\t\t<a class=\"elementor-icon elementor-social-icon elementor-social-icon-linkedin elementor-repeater-item-7bdf85c\" href=\"https:\/\/www.linkedin.com\/in\/zeynepe\/\" target=\"_blank\">\n\t\t\t\t\t\t<span class=\"elementor-screen-only\">Linkedin<\/span>\n\t\t\t\t\t\t<i aria-hidden=\"true\" class=\"fab fa-linkedin\"><\/i>\t\t\t\t\t<\/a>\n\t\t\t\t<\/span>\n\t\t\t\t\t<\/div>\n\t\t\t\t\t\t<\/div>\n\t\t\t\t<\/div>\n\t\t\t\t\t<\/div>\n\t\t<\/div>\n\t\t\t\t<div class=\"elementor-column elementor-col-66 elementor-top-column elementor-element elementor-element-24c3e70e\" data-id=\"24c3e70e\" data-element_type=\"column\" data-e-type=\"column\">\n\t\t\t<div class=\"elementor-widget-wrap elementor-element-populated\">\n\t\t\t\t\t\t<div class=\"elementor-element elementor-element-53a67514 elementor-widget elementor-widget-restly_team_title\" data-id=\"53a67514\" data-element_type=\"widget\" data-e-type=\"widget\" data-widget_type=\"restly_team_title.default\">\n\t\t\t\t<div class=\"elementor-widget-container\">\n\t\t\t\t\t        <div class=\"restly-team-title-wrapper\">\r\n            <div class=\"restly-team-title-inner\">\r\n                <h2 class=\"team-title\">Zeynep Ersan Berdoz<\/h2>\r\n                <h4 class=\"team-stitle\">Directrice  strat\u00e9gie et d\u00e9veloppements du quotidien Le Temps et du m\u00e9dia en ligne Heidi.news, Suisse<\/h4>            <\/div>\r\n        <\/div>\r\n        \t\t\t\t<\/div>\n\t\t\t\t<\/div>\n\t\t\t\t<div class=\"elementor-element elementor-element-6da89c elementor-widget elementor-widget-restly_about\" data-id=\"6da89c\" data-element_type=\"widget\" data-e-type=\"widget\" data-widget_type=\"restly_about.default\">\n\t\t\t\t<div class=\"elementor-widget-container\">\n\t\t\t\t\t        <div class=\"restly-about-wrapper\">\n            <div class=\"restly-about-content\">\n                                \n                <h6 class=\"restly-about-stitle\"><span><\/span><\/h6>\n                \n                <h2 class=\"restly-about-title\"><\/h2>\n                <div class=\"restly-about-dec\">\n                    <p>Actuelle directrice Strat\u00e9gie &amp; D\u00e9veloppements du quotidien\u00a0<i>Le Temps\u00a0<\/i>et du m\u00e9dia en ligne\u00a0<i>Heidi.news<\/i>, Zeynep Ersan Berdoz a \u00e9t\u00e9 r\u00e9dactrice en chef du magazine\u00a0<em>Bon \u00e0 Savoir<\/em>, directrice des publications romandes et membre de la DG de\u00a0<em>KonsumentenInfo<\/em>. Elle a \u00e9dit\u00e9 des guides pratiques, lanc\u00e9 le magazine\u00a0<i>Ma Sant\u00e9<\/i>\u00a0et d\u00e9velopp\u00e9 la strat\u00e9gie num\u00e9rique du groupe. Elle a ensuite \u00e9t\u00e9 directrice communication et innovation d\u2019<em>Aevis Victoria \/ Swiss Medical Network<\/em>.<\/p>                <\/div>\n            <\/div>\n        <\/div>\n        \t\t\t\t<\/div>\n\t\t\t\t<\/div>\n\t\t\t\t\t<\/div>\n\t\t<\/div>\n\t\t\t\t\t<\/div>\n\t\t<\/section>\n\t\t<div class=\"elementor-element elementor-element-765b0b5 e-flex e-con-boxed e-con e-parent\" data-id=\"765b0b5\" data-element_type=\"container\" data-e-type=\"container\">\n\t\t\t\t\t<div class=\"e-con-inner\">\n\t\t\t\t<div class=\"elementor-element elementor-element-1965235b elementor-widget elementor-widget-html\" data-id=\"1965235b\" data-element_type=\"widget\" data-e-type=\"widget\" data-widget_type=\"html.default\">\n\t\t\t\t<div class=\"elementor-widget-container\">\n\t\t\t\t\t<div style=\"display: flex; flex-direction: column; align-items: center; margin-bottom: 100px;\">\n    <a>\n    <img decoding=\"async\" src=\"https:\/\/digitalhealthconnect.ch\/wp-content\/uploads\/2023\/09\/Logo-le-temps.png\" style=\"height: 50px;\">\n<\/a>\n<a href=\"https:\/\/www.letemps.ch\/\/\">www.letemps.cr<\/a>\n<\/div>\t\t\t\t<\/div>\n\t\t\t\t<\/div>\n\t\t\t\t\t<\/div>\n\t\t\t\t<\/div>\n\t\t\t\t<\/div>\n\t\t","protected":false},"excerpt":{"rendered":"<p>Linkedin Zeynep Ersan Berdoz Directrice strat\u00e9gie et d\u00e9veloppements du quotidien Le Temps et du m\u00e9dia en ligne Heidi.news, Suisse Actuelle directrice Strat\u00e9gie &amp; D\u00e9veloppements du quotidien\u00a0Le Temps\u00a0et du m\u00e9dia en ligne\u00a0Heidi.news, Zeynep Ersan Berdoz a \u00e9t\u00e9 r\u00e9dactrice en chef du magazine\u00a0Bon \u00e0 Savoir, directrice des publications romandes et membre de la DG de\u00a0KonsumentenInfo. Elle a [&hellip;]<\/p>\n","protected":false},"author":2,"featured_media":14337,"comment_status":"closed","ping_status":"closed","sticky":false,"template":"","format":"standard","meta":{"_monsterinsights_skip_tracking":false,"_monsterinsights_sitenote_active":false,"_monsterinsights_sitenote_note":"","_monsterinsights_sitenote_category":0,"footnotes":""},"categories":[313],"tags":[325],"class_list":["post-14731","post","type-post","status-publish","format-standard","has-post-thumbnail","hentry","category-speakers-2022","tag-le-temps-suisse-directrice-strategie-et-developpements-en"],"_links":{"self":[{"href":"https:\/\/digitalhealthconnect.ch\/en\/wp-json\/wp\/v2\/posts\/14731","targetHints":{"allow":["GET"]}}],"collection":[{"href":"https:\/\/digitalhealthconnect.ch\/en\/wp-json\/wp\/v2\/posts"}],"about":[{"href":"https:\/\/digitalhealthconnect.ch\/en\/wp-json\/wp\/v2\/types\/post"}],"author":[{"embeddable":true,"href":"https:\/\/digitalhealthconnect.ch\/en\/wp-json\/wp\/v2\/users\/2"}],"replies":[{"embeddable":true,"href":"https:\/\/digitalhealthconnect.ch\/en\/wp-json\/wp\/v2\/comments?post=14731"}],"version-history":[{"count":1,"href":"https:\/\/digitalhealthconnect.ch\/en\/wp-json\/wp\/v2\/posts\/14731\/revisions"}],"predecessor-version":[{"id":14732,"href":"https:\/\/digitalhealthconnect.ch\/en\/wp-json\/wp\/v2\/posts\/14731\/revisions\/14732"}],"wp:featuredmedia":[{"embeddable":true,"href":"https:\/\/digitalhealthconnect.ch\/en\/wp-json\/wp\/v2\/media\/14337"}],"wp:attachment":[{"href":"https:\/\/digitalhealthconnect.ch\/en\/wp-json\/wp\/v2\/media?parent=14731"}],"wp:term":[{"taxonomy":"category","embeddable":true,"href":"https:\/\/digitalhealthconnect.ch\/en\/wp-json\/wp\/v2\/categories?post=14731"},{"taxonomy":"post_tag","embeddable":true,"href":"https:\/\/digitalhealthconnect.ch\/en\/wp-json\/wp\/v2\/tags?post=14731"}],"curies":[{"name":"wp","href":"https:\/\/api.w.org\/{rel}","templated":true}]}}