{"id":14717,"date":"2023-10-16T09:51:33","date_gmt":"2023-10-16T07:51:33","guid":{"rendered":"https:\/\/digitalhealthconnect.ch\/benjamin-bichsel\/"},"modified":"2024-05-24T10:57:09","modified_gmt":"2024-05-24T08:57:09","slug":"benjamin-bichsel","status":"publish","type":"post","link":"https:\/\/digitalhealthconnect.ch\/en\/benjamin-bichsel\/","title":{"rendered":"Benjamin Bichsel"},"content":{"rendered":"\t\t<div data-elementor-type=\"wp-post\" data-elementor-id=\"14717\" class=\"elementor elementor-14717 elementor-12538\" data-elementor-post-type=\"post\">\n\t\t\t\t\t\t<section class=\"elementor-section elementor-top-section elementor-element elementor-element-41857112 elementor-section-full_width elementor-section-content-middle elementor-section-height-default elementor-section-height-default\" data-id=\"41857112\" data-element_type=\"section\" data-e-type=\"section\">\n\t\t\t\t\t\t<div class=\"elementor-container elementor-column-gap-default\">\n\t\t\t\t\t<div class=\"elementor-column elementor-col-33 elementor-top-column elementor-element elementor-element-7b0b1096\" data-id=\"7b0b1096\" data-element_type=\"column\" data-e-type=\"column\">\n\t\t\t<div class=\"elementor-widget-wrap elementor-element-populated\">\n\t\t\t\t\t\t<div class=\"elementor-element elementor-element-741960a4 elementor-widget elementor-widget-image\" data-id=\"741960a4\" data-element_type=\"widget\" data-e-type=\"widget\" data-widget_type=\"image.default\">\n\t\t\t\t<div class=\"elementor-widget-container\">\n\t\t\t\t\t\t\t\t\t\t\t\t\t\t\t<img decoding=\"async\" src=\"https:\/\/digitalhealthconnect.ch\/wp-content\/uploads\/elementor\/thumbs\/Benjamin-Bichsel-NB-qe2yfejkxoccussc3e456hm45th00fvup63kw4qo00.png\" title=\"Benjamin-Bichsel-NB\" alt=\"Benjamin-Bichsel-NB\" loading=\"lazy\" \/>\t\t\t\t\t\t\t\t\t\t\t\t\t\t\t<\/div>\n\t\t\t\t<\/div>\n\t\t\t\t<div class=\"elementor-element elementor-element-1b185b97 elementor-shape-circle elementor-grid-0 e-grid-align-center elementor-widget elementor-widget-social-icons\" data-id=\"1b185b97\" data-element_type=\"widget\" data-e-type=\"widget\" data-widget_type=\"social-icons.default\">\n\t\t\t\t<div class=\"elementor-widget-container\">\n\t\t\t\t\t\t\t<div class=\"elementor-social-icons-wrapper elementor-grid\">\n\t\t\t\t\t\t\t<span class=\"elementor-grid-item\">\n\t\t\t\t\t<a class=\"elementor-icon elementor-social-icon elementor-social-icon-linkedin elementor-repeater-item-7bdf85c\" href=\"https:\/\/www.linkedin.com\/in\/benjamin-bichsel-88459313a\/\" target=\"_blank\">\n\t\t\t\t\t\t<span class=\"elementor-screen-only\">Linkedin<\/span>\n\t\t\t\t\t\t<i aria-hidden=\"true\" class=\"fab fa-linkedin\"><\/i>\t\t\t\t\t<\/a>\n\t\t\t\t<\/span>\n\t\t\t\t\t<\/div>\n\t\t\t\t\t\t<\/div>\n\t\t\t\t<\/div>\n\t\t\t\t\t<\/div>\n\t\t<\/div>\n\t\t\t\t<div class=\"elementor-column elementor-col-66 elementor-top-column elementor-element elementor-element-7b75e52e\" data-id=\"7b75e52e\" data-element_type=\"column\" data-e-type=\"column\">\n\t\t\t<div class=\"elementor-widget-wrap elementor-element-populated\">\n\t\t\t\t\t\t<div class=\"elementor-element elementor-element-740f1c35 elementor-widget elementor-widget-restly_team_title\" data-id=\"740f1c35\" data-element_type=\"widget\" data-e-type=\"widget\" data-widget_type=\"restly_team_title.default\">\n\t\t\t\t<div class=\"elementor-widget-container\">\n\t\t\t\t\t        <div class=\"restly-team-title-wrapper\">\r\n            <div class=\"restly-team-title-inner\">\r\n                <h2 class=\"team-title\">Benjamin Bichsel<\/h2>\r\n                <h4 class=\"team-stitle\">Designer et fondateur de CIMA, Suisse<\/h4>            <\/div>\r\n        <\/div>\r\n        \t\t\t\t<\/div>\n\t\t\t\t<\/div>\n\t\t\t\t<div class=\"elementor-element elementor-element-657e0096 elementor-widget elementor-widget-restly_about\" data-id=\"657e0096\" data-element_type=\"widget\" data-e-type=\"widget\" data-widget_type=\"restly_about.default\">\n\t\t\t\t<div class=\"elementor-widget-container\">\n\t\t\t\t\t        <div class=\"restly-about-wrapper\">\n            <div class=\"restly-about-content\">\n                                \n                <h6 class=\"restly-about-stitle\"><span><\/span><\/h6>\n                \n                <h2 class=\"restly-about-title\"><\/h2>\n                <div class=\"restly-about-dec\">\n                    <p>Designer de produits, Benjamin Bichsel a une fascination pour les mat\u00e9riaux durables et se passionne pour les processus de fabrication. Il travaille actuellement chez On running \u00e0 Zurich.<\/p><p>Il est dipl\u00f4m\u00e9 du Master en design de produits de l\u2019ECAL \u00e0 Lausanne et a obtenu son Bachelor \u00e0 l\u2019Acad\u00e9mie des Arts et du Design HGK \u00e0 B\u00e2le.<\/p><p>Dans son projet de dipl\u00f4me de Master, il a d\u00e9velopp\u00e9 des v\u00eatements m\u00e9dicaux biod\u00e9gradables. Ce qui a commenc\u00e9 comme une collaboration avec la start-up Dimpora de l\u2019EPFZ, s\u2019est transform\u00e9 en un projet pionnier pour l\u2019utilisation professionnelle de textiles durables. En se penchant sur les tenues d\u2019h\u00f4pital qui doivent \u00eatre jet\u00e9es apr\u00e8s avoir \u00e9t\u00e9 port\u00e9es une seule fois, Benjamin montre que les v\u00eatements en fibres textiles compostables industriellement permettent d\u2019\u00e9viter de produire d\u2019\u00e9normes quantit\u00e9s de d\u00e9chets textiles synth\u00e9tiques.<\/p>                <\/div>\n            <\/div>\n        <\/div>\n        \t\t\t\t<\/div>\n\t\t\t\t<\/div>\n\t\t\t\t\t<\/div>\n\t\t<\/div>\n\t\t\t\t\t<\/div>\n\t\t<\/section>\n\t\t\t\t<\/div>\n\t\t","protected":false},"excerpt":{"rendered":"<p>Linkedin Benjamin Bichsel Designer et fondateur de CIMA, Suisse Designer de produits, Benjamin Bichsel a une fascination pour les mat\u00e9riaux durables et se passionne pour les processus de fabrication. Il travaille actuellement chez On running \u00e0 Zurich. Il est dipl\u00f4m\u00e9 du Master en design de produits de l\u2019ECAL \u00e0 Lausanne et a obtenu son Bachelor [&hellip;]<\/p>\n","protected":false},"author":2,"featured_media":14349,"comment_status":"closed","ping_status":"closed","sticky":false,"template":"","format":"standard","meta":{"_monsterinsights_skip_tracking":false,"_monsterinsights_sitenote_active":false,"_monsterinsights_sitenote_note":"","_monsterinsights_sitenote_category":0,"footnotes":""},"categories":[313],"tags":[318],"class_list":["post-14717","post","type-post","status-publish","format-standard","has-post-thumbnail","hentry","category-speakers-2022","tag-cima-suisse-designer-et-fondateur-en"],"_links":{"self":[{"href":"https:\/\/digitalhealthconnect.ch\/en\/wp-json\/wp\/v2\/posts\/14717","targetHints":{"allow":["GET"]}}],"collection":[{"href":"https:\/\/digitalhealthconnect.ch\/en\/wp-json\/wp\/v2\/posts"}],"about":[{"href":"https:\/\/digitalhealthconnect.ch\/en\/wp-json\/wp\/v2\/types\/post"}],"author":[{"embeddable":true,"href":"https:\/\/digitalhealthconnect.ch\/en\/wp-json\/wp\/v2\/users\/2"}],"replies":[{"embeddable":true,"href":"https:\/\/digitalhealthconnect.ch\/en\/wp-json\/wp\/v2\/comments?post=14717"}],"version-history":[{"count":1,"href":"https:\/\/digitalhealthconnect.ch\/en\/wp-json\/wp\/v2\/posts\/14717\/revisions"}],"predecessor-version":[{"id":14718,"href":"https:\/\/digitalhealthconnect.ch\/en\/wp-json\/wp\/v2\/posts\/14717\/revisions\/14718"}],"wp:featuredmedia":[{"embeddable":true,"href":"https:\/\/digitalhealthconnect.ch\/en\/wp-json\/wp\/v2\/media\/14349"}],"wp:attachment":[{"href":"https:\/\/digitalhealthconnect.ch\/en\/wp-json\/wp\/v2\/media?parent=14717"}],"wp:term":[{"taxonomy":"category","embeddable":true,"href":"https:\/\/digitalhealthconnect.ch\/en\/wp-json\/wp\/v2\/categories?post=14717"},{"taxonomy":"post_tag","embeddable":true,"href":"https:\/\/digitalhealthconnect.ch\/en\/wp-json\/wp\/v2\/tags?post=14717"}],"curies":[{"name":"wp","href":"https:\/\/api.w.org\/{rel}","templated":true}]}}