{"id":14695,"date":"2023-10-16T10:41:26","date_gmt":"2023-10-16T08:41:26","guid":{"rendered":"https:\/\/digitalhealthconnect.ch\/philipp-caretta\/"},"modified":"2024-05-24T10:51:47","modified_gmt":"2024-05-24T08:51:47","slug":"philipp-caretta","status":"publish","type":"post","link":"https:\/\/digitalhealthconnect.ch\/en\/philipp-caretta\/","title":{"rendered":"Philipp Caretta"},"content":{"rendered":"\t\t<div data-elementor-type=\"wp-post\" data-elementor-id=\"14695\" class=\"elementor elementor-14695 elementor-12648\" data-elementor-post-type=\"post\">\n\t\t\t\t\t\t<section class=\"elementor-section elementor-top-section elementor-element elementor-element-193a64b elementor-section-full_width elementor-section-content-middle elementor-section-height-default elementor-section-height-default\" data-id=\"193a64b\" data-element_type=\"section\" data-e-type=\"section\">\n\t\t\t\t\t\t<div class=\"elementor-container elementor-column-gap-default\">\n\t\t\t\t\t<div class=\"elementor-column elementor-col-33 elementor-top-column elementor-element elementor-element-5b0a68d3\" data-id=\"5b0a68d3\" data-element_type=\"column\" data-e-type=\"column\">\n\t\t\t<div class=\"elementor-widget-wrap elementor-element-populated\">\n\t\t\t\t\t\t<div class=\"elementor-element elementor-element-758be2f0 elementor-widget elementor-widget-image\" data-id=\"758be2f0\" data-element_type=\"widget\" data-e-type=\"widget\" data-widget_type=\"image.default\">\n\t\t\t\t<div class=\"elementor-widget-container\">\n\t\t\t\t\t\t\t\t\t\t\t\t\t\t\t<img decoding=\"async\" src=\"https:\/\/digitalhealthconnect.ch\/wp-content\/uploads\/elementor\/thumbs\/Philipp-Caretta-1-1-qe2yiavo0ab6niks657qd9aa3l6qque23iih5ufytc.png\" title=\"Philipp-Caretta-1 (1)\" alt=\"Philipp-Caretta-1 (1)\" loading=\"lazy\" \/>\t\t\t\t\t\t\t\t\t\t\t\t\t\t\t<\/div>\n\t\t\t\t<\/div>\n\t\t\t\t<div class=\"elementor-element elementor-element-359271ad elementor-shape-circle elementor-grid-0 e-grid-align-center elementor-widget elementor-widget-social-icons\" data-id=\"359271ad\" data-element_type=\"widget\" data-e-type=\"widget\" data-widget_type=\"social-icons.default\">\n\t\t\t\t<div class=\"elementor-widget-container\">\n\t\t\t\t\t\t\t<div class=\"elementor-social-icons-wrapper elementor-grid\">\n\t\t\t\t\t\t\t<span class=\"elementor-grid-item\">\n\t\t\t\t\t<a class=\"elementor-icon elementor-social-icon elementor-social-icon-linkedin elementor-repeater-item-7bdf85c\" href=\"https:\/\/www.linkedin.com\/in\/philipp-caretta-56404b3a\/\" target=\"_blank\">\n\t\t\t\t\t\t<span class=\"elementor-screen-only\">Linkedin<\/span>\n\t\t\t\t\t\t<i aria-hidden=\"true\" class=\"fab fa-linkedin\"><\/i>\t\t\t\t\t<\/a>\n\t\t\t\t<\/span>\n\t\t\t\t\t<\/div>\n\t\t\t\t\t\t<\/div>\n\t\t\t\t<\/div>\n\t\t\t\t\t<\/div>\n\t\t<\/div>\n\t\t\t\t<div class=\"elementor-column elementor-col-66 elementor-top-column elementor-element elementor-element-dc1900f\" data-id=\"dc1900f\" data-element_type=\"column\" data-e-type=\"column\">\n\t\t\t<div class=\"elementor-widget-wrap elementor-element-populated\">\n\t\t\t\t\t\t<div class=\"elementor-element elementor-element-5759afe8 elementor-widget elementor-widget-restly_team_title\" data-id=\"5759afe8\" data-element_type=\"widget\" data-e-type=\"widget\" data-widget_type=\"restly_team_title.default\">\n\t\t\t\t<div class=\"elementor-widget-container\">\n\t\t\t\t\t        <div class=\"restly-team-title-wrapper\">\r\n            <div class=\"restly-team-title-inner\">\r\n                <h2 class=\"team-title\">Philipp Caretta<\/h2>\r\n                <h4 class=\"team-stitle\">Directeur d\u2019exploitation chez Force8 Ltd, Suisse<\/h4>            <\/div>\r\n        <\/div>\r\n        \t\t\t\t<\/div>\n\t\t\t\t<\/div>\n\t\t\t\t<div class=\"elementor-element elementor-element-7eb75fd5 elementor-widget elementor-widget-restly_about\" data-id=\"7eb75fd5\" data-element_type=\"widget\" data-e-type=\"widget\" data-widget_type=\"restly_about.default\">\n\t\t\t\t<div class=\"elementor-widget-container\">\n\t\t\t\t\t        <div class=\"restly-about-wrapper\">\n            <div class=\"restly-about-content\">\n                                \n                <h6 class=\"restly-about-stitle\"><span><\/span><\/h6>\n                \n                <h2 class=\"restly-about-title\"><\/h2>\n                <div class=\"restly-about-dec\">\n                    <p>Philipp Caretta est un partenaire de Force8 Ltd et est responsable des op\u00e9rations et du co-d\u00e9veloppement du syst\u00e8me de gestion des \u00e9quipes et des athl\u00e8tes Force8 Coach. Ce syst\u00e8me bas\u00e9 sur le cloud permet aux clubs et aux associations de configurer leur propre plateforme individuelle \u00e0 partir de diff\u00e9rents modules, en fonction de leurs propres besoins et structures. Les programmes d\u2019entra\u00eenement, les objectifs et les exercices correspondants peuvent \u00eatre num\u00e9ris\u00e9s, toutes les donn\u00e9es pertinentes telles que les statistiques, les \u00e9valuations, les tests et les enqu\u00eates peuvent \u00eatre enregistr\u00e9es et clairement affich\u00e9es, ce qui permet de suivre les athl\u00e8tes et de les aider \u00e0 atteindre des performances de pointe. Avant de rejoindre Force8, Philipp a dirig\u00e9 pendant trois ans le d\u00e9partement Corporate Production de l\u2019agence m\u00e9dia Keystone SDA. Avant cela, il a \u00e9t\u00e9 directeur g\u00e9n\u00e9ral d\u2019une agence photo de la presse sportive suisse pendant sept ans. Philipp est titulaire d\u2019une ma\u00eetrise en histoire g\u00e9n\u00e9rale de l\u2019universit\u00e9 de Zurich.<\/p><p>\u00a0<\/p><p><span style=\"color: #ba007d\">Orateur du workshop \u00ab Le suivi \u00e0 distance des athl\u00e8tes \u00bb<\/span><\/p>                <\/div>\n            <\/div>\n        <\/div>\n        \t\t\t\t<\/div>\n\t\t\t\t<\/div>\n\t\t\t\t\t<\/div>\n\t\t<\/div>\n\t\t\t\t\t<\/div>\n\t\t<\/section>\n\t\t<div class=\"elementor-element elementor-element-7f7eb974 e-flex e-con-boxed e-con e-parent\" data-id=\"7f7eb974\" data-element_type=\"container\" data-e-type=\"container\">\n\t\t\t\t\t<div class=\"e-con-inner\">\n\t\t\t\t<div class=\"elementor-element elementor-element-21479070 elementor-widget elementor-widget-html\" data-id=\"21479070\" data-element_type=\"widget\" data-e-type=\"widget\" data-widget_type=\"html.default\">\n\t\t\t\t<div class=\"elementor-widget-container\">\n\t\t\t\t\t<div style=\"display: flex; flex-direction: column; align-items: center; margin-bottom: 100px;\"><a href=\"https:\/\/force8.coach\/fr\/\"><img decoding=\"async\" src=\"https:\/\/digitalhealthconnect.ch\/wp-content\/uploads\/2023\/10\/logo-menu_dark.png\" style=\"height: 150px;\"><\/a><a href=\"https:\/\/force8.coach\/fr\/\">www.force8.coach<\/a><\/div><style>a {\n        color: #1779AB;\n    }\n<\/style>\t\t\t\t<\/div>\n\t\t\t\t<\/div>\n\t\t\t\t\t<\/div>\n\t\t\t\t<\/div>\n\t\t\t\t<\/div>\n\t\t","protected":false},"excerpt":{"rendered":"<p>Linkedin Philipp Caretta Directeur d\u2019exploitation chez Force8 Ltd, Suisse Philipp Caretta est un partenaire de Force8 Ltd et est responsable des op\u00e9rations et du co-d\u00e9veloppement du syst\u00e8me de gestion des \u00e9quipes et des athl\u00e8tes Force8 Coach. Ce syst\u00e8me bas\u00e9 sur le cloud permet aux clubs et aux associations de configurer leur propre plateforme individuelle \u00e0 [&hellip;]<\/p>\n","protected":false},"author":2,"featured_media":14410,"comment_status":"closed","ping_status":"closed","sticky":false,"template":"","format":"standard","meta":{"_monsterinsights_skip_tracking":false,"_monsterinsights_sitenote_active":false,"_monsterinsights_sitenote_note":"","_monsterinsights_sitenote_category":0,"footnotes":""},"categories":[293],"tags":[209],"class_list":["post-14695","post","type-post","status-publish","format-standard","has-post-thumbnail","hentry","category-speakers-2021","tag-force-8-ltd-suisse-directeur-de-lexploitation"],"_links":{"self":[{"href":"https:\/\/digitalhealthconnect.ch\/en\/wp-json\/wp\/v2\/posts\/14695","targetHints":{"allow":["GET"]}}],"collection":[{"href":"https:\/\/digitalhealthconnect.ch\/en\/wp-json\/wp\/v2\/posts"}],"about":[{"href":"https:\/\/digitalhealthconnect.ch\/en\/wp-json\/wp\/v2\/types\/post"}],"author":[{"embeddable":true,"href":"https:\/\/digitalhealthconnect.ch\/en\/wp-json\/wp\/v2\/users\/2"}],"replies":[{"embeddable":true,"href":"https:\/\/digitalhealthconnect.ch\/en\/wp-json\/wp\/v2\/comments?post=14695"}],"version-history":[{"count":1,"href":"https:\/\/digitalhealthconnect.ch\/en\/wp-json\/wp\/v2\/posts\/14695\/revisions"}],"predecessor-version":[{"id":14696,"href":"https:\/\/digitalhealthconnect.ch\/en\/wp-json\/wp\/v2\/posts\/14695\/revisions\/14696"}],"wp:featuredmedia":[{"embeddable":true,"href":"https:\/\/digitalhealthconnect.ch\/en\/wp-json\/wp\/v2\/media\/14410"}],"wp:attachment":[{"href":"https:\/\/digitalhealthconnect.ch\/en\/wp-json\/wp\/v2\/media?parent=14695"}],"wp:term":[{"taxonomy":"category","embeddable":true,"href":"https:\/\/digitalhealthconnect.ch\/en\/wp-json\/wp\/v2\/categories?post=14695"},{"taxonomy":"post_tag","embeddable":true,"href":"https:\/\/digitalhealthconnect.ch\/en\/wp-json\/wp\/v2\/tags?post=14695"}],"curies":[{"name":"wp","href":"https:\/\/api.w.org\/{rel}","templated":true}]}}